{"id":2154,"date":"2022-06-30T15:36:20","date_gmt":"2022-06-30T15:36:20","guid":{"rendered":"https:\/\/proparea.pl\/anlaggningar-salar\/"},"modified":"2022-06-30T15:36:20","modified_gmt":"2022-06-30T15:36:20","slug":"anlaggningar-salar","status":"publish","type":"post","link":"https:\/\/proparea.pl\/sv\/anlaggningar-salar\/","title":{"rendered":"Anl\u00e4ggningar \/ salar"},"content":{"rendered":"\n<p>Vi erbjuder \u00e4ven tv\u00e4ttstugor\/hallar som tillverkas med <strong>ramteknik<\/strong>.<\/p>\n\n<div style=\"height:15px\" aria-hidden=\"true\" class=\"wp-block-spacer\"><\/div>\n\n<p>De k\u00e4nnetecknas av ett <strong>l\u00e5gt energibehov<\/strong> f\u00f6r uppv\u00e4rmning av byggnaden. Med r\u00e4tt lager isolering kan en s\u00e5dan byggnad <strong>minska r\u00e4kningarna med mer \u00e4n h\u00e4lften<\/strong> under uppv\u00e4rmningss\u00e4songen och p\u00e5 s\u00e5 s\u00e4tt skydda byggnaden fr\u00e5n \u00f6verhettning under sommars\u00e4songen.<\/p>\n\n<div style=\"height:15px\" aria-hidden=\"true\" class=\"wp-block-spacer\"><\/div>\n\n<p>Med l\u00e5ga byggkostnader j\u00e4mf\u00f6rt med traditionella st\u00e5lkonstruktioner kan v\u00e5r anl\u00e4ggning <strong>byggas inom tv\u00e5 veckor<\/strong>. V\u00e5ra byggnader skiljer sig inte p\u00e5 n\u00e5got s\u00e4tt fr\u00e5n st\u00e5l n\u00e4r det g\u00e4ller statiska parametrar och h\u00e5llfasthet.<\/p>\n\n<div style=\"height:15px\" aria-hidden=\"true\" class=\"wp-block-spacer\"><\/div>\n\n<p>Anv\u00e4ndning av l\u00e4mplig brands\u00e4ker bekl\u00e4dnad p\u00e5 insidan, i de n\u00f6dv\u00e4ndiga omr\u00e5dena, uppfyller alla brands\u00e4kerhetskrav. Vi bygger v\u00e5ra byggnader b\u00e5de p\u00e5 standardfundament och p\u00e5 plattfundament, beroende p\u00e5 anv\u00e4ndningsomr\u00e5de.<\/p>\n\n<div style=\"height:15px\" aria-hidden=\"true\" class=\"wp-block-spacer\"><\/div>\n\n<p>Det sunda mikroklimatet och den \u00f6ppna spridningen inneb\u00e4r att fastigheten kommer att h\u00e5lla i flera generationer utan att du beh\u00f6ver oroa dig f\u00f6r fukt eller vedr\u00f6ta, samtidigt som du f\u00e5r den komfort som ett hem ger. <strong>Kvalitetsgaranti f\u00f6r takets och v\u00e4ggarnas t\u00e4thet och livsl\u00e4ngd p\u00e5 15 \u00e5r<\/strong> med m\u00f6jlighet till f\u00f6rl\u00e4ngning med ytterligare 15 \u00e5r.<\/p>\n\n<div style=\"height:15px\" aria-hidden=\"true\" class=\"wp-block-spacer\"><\/div>\n\n<p>Den \u00e4r idealisk f\u00f6r personer som <strong>snabbt och billigt<\/strong> vill <strong>bygga ett tv\u00e4ttrum<\/strong>, en bilverkstad, en snickeriverkstad, en butik, en grossistbutik. Anl\u00e4ggningarna anv\u00e4nds ocks\u00e5 i stor utstr\u00e4ckning vid byggandet av skolor, f\u00f6rskolor och kontorsbyggnader. Vi kan bygga byggnader i alla storlekar och upp till 4 meter h\u00f6ga byggnader.<\/p>\n\n<div style=\"height:30px\" aria-hidden=\"true\" class=\"wp-block-spacer\"><\/div>\n\n<h3 class=\"has-text-color wp-block-heading\" style=\"color:#c5a700\">Pris: Fr\u00e5n 1 400,00 PLN\/m2 f\u00f6r slutna utrymmen.<\/h3>\n\n<div style=\"height:15px\" aria-hidden=\"true\" class=\"wp-block-spacer\"><\/div>\n\n<h3 class=\"has-text-color wp-block-heading\" style=\"color:#c5a700\">Fr\u00e5n PLN 1 800,00 per kvadratmeter f\u00f6r skalenheter<\/h3>\n","protected":false},"excerpt":{"rendered":"<p>Vi erbjuder \u00e4ven tv\u00e4ttstugor\/hallar som tillverkas med ramteknik. De k\u00e4nnetecknas av ett l\u00e5gt energibehov f\u00f6r uppv\u00e4rmning av byggnaden.  <\/p>\n","protected":false},"author":1,"featured_media":880,"comment_status":"closed","ping_status":"closed","sticky":false,"template":"","format":"standard","meta":{"footnotes":""},"categories":[50],"tags":[],"class_list":["post-2154","post","type-post","status-publish","format-standard","has-post-thumbnail","hentry","category-erbjudande"],"yoast_head":"<!-- This site is optimized with the Yoast SEO plugin v27.1.1 - https:\/\/yoast.com\/product\/yoast-seo-wordpress\/ -->\n<title>Anl\u00e4ggningar \/ salar - Proparea<\/title>\n<meta name=\"robots\" content=\"index, follow, max-snippet:-1, max-image-preview:large, max-video-preview:-1\" \/>\n<link rel=\"canonical\" href=\"https:\/\/proparea.pl\/sv\/anlaggningar-salar\/\" \/>\n<meta property=\"og:locale\" content=\"sv_SE\" \/>\n<meta property=\"og:type\" content=\"article\" \/>\n<meta property=\"og:title\" content=\"Anl\u00e4ggningar \/ salar - Proparea\" \/>\n<meta property=\"og:description\" content=\"Vi erbjuder \u00e4ven tv\u00e4ttstugor\/hallar som tillverkas med ramteknik. De k\u00e4nnetecknas av ett l\u00e5gt energibehov f\u00f6r uppv\u00e4rmning av byggnaden.\" \/>\n<meta property=\"og:url\" content=\"https:\/\/proparea.pl\/sv\/anlaggningar-salar\/\" \/>\n<meta property=\"og:site_name\" content=\"Proparea\" \/>\n<meta property=\"article:published_time\" content=\"2022-06-30T15:36:20+00:00\" \/>\n<meta property=\"og:image\" content=\"https:\/\/proparea.pl\/wp-content\/uploads\/2022\/04\/szkielet-hali-proparea.webp\" \/>\n\t<meta property=\"og:image:width\" content=\"500\" \/>\n\t<meta property=\"og:image:height\" content=\"322\" \/>\n\t<meta property=\"og:image:type\" content=\"image\/webp\" \/>\n<meta name=\"author\" content=\"admin\" \/>\n<meta name=\"twitter:card\" content=\"summary_large_image\" \/>\n<meta name=\"twitter:label1\" content=\"Skriven av\" \/>\n\t<meta name=\"twitter:data1\" content=\"admin\" \/>\n\t<meta name=\"twitter:label2\" content=\"Ber\u00e4knad l\u00e4stid\" \/>\n\t<meta name=\"twitter:data2\" content=\"1 minut\" \/>\n<script type=\"application\/ld+json\" class=\"yoast-schema-graph\">{\"@context\":\"https:\/\/schema.org\",\"@graph\":[{\"@type\":\"Article\",\"@id\":\"https:\/\/proparea.pl\/sv\/anlaggningar-salar\/#article\",\"isPartOf\":{\"@id\":\"https:\/\/proparea.pl\/sv\/anlaggningar-salar\/\"},\"author\":{\"name\":\"admin\",\"@id\":\"https:\/\/proparea.pl\/sv\/#\/schema\/person\/8efdbd304323472130143d9cc3468fde\"},\"headline\":\"Anl\u00e4ggningar \/ salar\",\"datePublished\":\"2022-06-30T15:36:20+00:00\",\"mainEntityOfPage\":{\"@id\":\"https:\/\/proparea.pl\/sv\/anlaggningar-salar\/\"},\"wordCount\":283,\"publisher\":{\"@id\":\"https:\/\/proparea.pl\/sv\/#organization\"},\"image\":{\"@id\":\"https:\/\/proparea.pl\/sv\/anlaggningar-salar\/#primaryimage\"},\"thumbnailUrl\":\"https:\/\/proparea.pl\/wp-content\/uploads\/2022\/04\/szkielet-hali-proparea.webp\",\"articleSection\":[\"Erbjudande\"],\"inLanguage\":\"sv-SE\"},{\"@type\":\"WebPage\",\"@id\":\"https:\/\/proparea.pl\/sv\/anlaggningar-salar\/\",\"url\":\"https:\/\/proparea.pl\/sv\/anlaggningar-salar\/\",\"name\":\"Anl\u00e4ggningar \/ salar - Proparea\",\"isPartOf\":{\"@id\":\"https:\/\/proparea.pl\/sv\/#website\"},\"primaryImageOfPage\":{\"@id\":\"https:\/\/proparea.pl\/sv\/anlaggningar-salar\/#primaryimage\"},\"image\":{\"@id\":\"https:\/\/proparea.pl\/sv\/anlaggningar-salar\/#primaryimage\"},\"thumbnailUrl\":\"https:\/\/proparea.pl\/wp-content\/uploads\/2022\/04\/szkielet-hali-proparea.webp\",\"datePublished\":\"2022-06-30T15:36:20+00:00\",\"breadcrumb\":{\"@id\":\"https:\/\/proparea.pl\/sv\/anlaggningar-salar\/#breadcrumb\"},\"inLanguage\":\"sv-SE\",\"potentialAction\":[{\"@type\":\"ReadAction\",\"target\":[\"https:\/\/proparea.pl\/sv\/anlaggningar-salar\/\"]}]},{\"@type\":\"ImageObject\",\"inLanguage\":\"sv-SE\",\"@id\":\"https:\/\/proparea.pl\/sv\/anlaggningar-salar\/#primaryimage\",\"url\":\"https:\/\/proparea.pl\/wp-content\/uploads\/2022\/04\/szkielet-hali-proparea.webp\",\"contentUrl\":\"https:\/\/proparea.pl\/wp-content\/uploads\/2022\/04\/szkielet-hali-proparea.webp\",\"width\":500,\"height\":322,\"caption\":\"Skelett av en proparea hall\"},{\"@type\":\"BreadcrumbList\",\"@id\":\"https:\/\/proparea.pl\/sv\/anlaggningar-salar\/#breadcrumb\",\"itemListElement\":[{\"@type\":\"ListItem\",\"position\":1,\"name\":\"Strona g\u0142\u00f3wna\",\"item\":\"https:\/\/proparea.pl\/sv\/\"},{\"@type\":\"ListItem\",\"position\":2,\"name\":\"Anl\u00e4ggningar \/ salar\"}]},{\"@type\":\"WebSite\",\"@id\":\"https:\/\/proparea.pl\/sv\/#website\",\"url\":\"https:\/\/proparea.pl\/sv\/\",\"name\":\"Proparea\",\"description\":\"Od projektu a\u017c po klucz\",\"publisher\":{\"@id\":\"https:\/\/proparea.pl\/sv\/#organization\"},\"potentialAction\":[{\"@type\":\"SearchAction\",\"target\":{\"@type\":\"EntryPoint\",\"urlTemplate\":\"https:\/\/proparea.pl\/sv\/?s={search_term_string}\"},\"query-input\":{\"@type\":\"PropertyValueSpecification\",\"valueRequired\":true,\"valueName\":\"search_term_string\"}}],\"inLanguage\":\"sv-SE\"},{\"@type\":\"Organization\",\"@id\":\"https:\/\/proparea.pl\/sv\/#organization\",\"name\":\"Proparea\",\"url\":\"https:\/\/proparea.pl\/sv\/\",\"logo\":{\"@type\":\"ImageObject\",\"inLanguage\":\"sv-SE\",\"@id\":\"https:\/\/proparea.pl\/sv\/#\/schema\/logo\/image\/\",\"url\":\"https:\/\/proparea.pl\/wp-content\/uploads\/2021\/08\/logo-md-e1630346040128.png\",\"contentUrl\":\"https:\/\/proparea.pl\/wp-content\/uploads\/2021\/08\/logo-md-e1630346040128.png\",\"width\":300,\"height\":214,\"caption\":\"Proparea\"},\"image\":{\"@id\":\"https:\/\/proparea.pl\/sv\/#\/schema\/logo\/image\/\"}},{\"@type\":\"Person\",\"@id\":\"https:\/\/proparea.pl\/sv\/#\/schema\/person\/8efdbd304323472130143d9cc3468fde\",\"name\":\"admin\",\"image\":{\"@type\":\"ImageObject\",\"inLanguage\":\"sv-SE\",\"@id\":\"https:\/\/proparea.pl\/sv\/#\/schema\/person\/image\/\",\"url\":\"https:\/\/secure.gravatar.com\/avatar\/eb134f17e099efcce1807b97c49a9e0e9c0a91ed2228fdfe5f7ab23d77c16822?s=96&d=mm&r=g\",\"contentUrl\":\"https:\/\/secure.gravatar.com\/avatar\/eb134f17e099efcce1807b97c49a9e0e9c0a91ed2228fdfe5f7ab23d77c16822?s=96&d=mm&r=g\",\"caption\":\"admin\"},\"sameAs\":[\"https:\/\/domypasywne.perfectumagency.pl\"],\"url\":\"https:\/\/proparea.pl\/sv\/author\/admin\/\"}]}<\/script>\n<!-- \/ Yoast SEO plugin. -->","yoast_head_json":{"title":"Anl\u00e4ggningar \/ salar - Proparea","robots":{"index":"index","follow":"follow","max-snippet":"max-snippet:-1","max-image-preview":"max-image-preview:large","max-video-preview":"max-video-preview:-1"},"canonical":"https:\/\/proparea.pl\/sv\/anlaggningar-salar\/","og_locale":"sv_SE","og_type":"article","og_title":"Anl\u00e4ggningar \/ salar - Proparea","og_description":"Vi erbjuder \u00e4ven tv\u00e4ttstugor\/hallar som tillverkas med ramteknik. De k\u00e4nnetecknas av ett l\u00e5gt energibehov f\u00f6r uppv\u00e4rmning av byggnaden.","og_url":"https:\/\/proparea.pl\/sv\/anlaggningar-salar\/","og_site_name":"Proparea","article_published_time":"2022-06-30T15:36:20+00:00","og_image":[{"width":500,"height":322,"url":"https:\/\/proparea.pl\/wp-content\/uploads\/2022\/04\/szkielet-hali-proparea.webp","type":"image\/webp"}],"author":"admin","twitter_card":"summary_large_image","twitter_misc":{"Skriven av":"admin","Ber\u00e4knad l\u00e4stid":"1 minut"},"schema":{"@context":"https:\/\/schema.org","@graph":[{"@type":"Article","@id":"https:\/\/proparea.pl\/sv\/anlaggningar-salar\/#article","isPartOf":{"@id":"https:\/\/proparea.pl\/sv\/anlaggningar-salar\/"},"author":{"name":"admin","@id":"https:\/\/proparea.pl\/sv\/#\/schema\/person\/8efdbd304323472130143d9cc3468fde"},"headline":"Anl\u00e4ggningar \/ salar","datePublished":"2022-06-30T15:36:20+00:00","mainEntityOfPage":{"@id":"https:\/\/proparea.pl\/sv\/anlaggningar-salar\/"},"wordCount":283,"publisher":{"@id":"https:\/\/proparea.pl\/sv\/#organization"},"image":{"@id":"https:\/\/proparea.pl\/sv\/anlaggningar-salar\/#primaryimage"},"thumbnailUrl":"https:\/\/proparea.pl\/wp-content\/uploads\/2022\/04\/szkielet-hali-proparea.webp","articleSection":["Erbjudande"],"inLanguage":"sv-SE"},{"@type":"WebPage","@id":"https:\/\/proparea.pl\/sv\/anlaggningar-salar\/","url":"https:\/\/proparea.pl\/sv\/anlaggningar-salar\/","name":"Anl\u00e4ggningar \/ salar - Proparea","isPartOf":{"@id":"https:\/\/proparea.pl\/sv\/#website"},"primaryImageOfPage":{"@id":"https:\/\/proparea.pl\/sv\/anlaggningar-salar\/#primaryimage"},"image":{"@id":"https:\/\/proparea.pl\/sv\/anlaggningar-salar\/#primaryimage"},"thumbnailUrl":"https:\/\/proparea.pl\/wp-content\/uploads\/2022\/04\/szkielet-hali-proparea.webp","datePublished":"2022-06-30T15:36:20+00:00","breadcrumb":{"@id":"https:\/\/proparea.pl\/sv\/anlaggningar-salar\/#breadcrumb"},"inLanguage":"sv-SE","potentialAction":[{"@type":"ReadAction","target":["https:\/\/proparea.pl\/sv\/anlaggningar-salar\/"]}]},{"@type":"ImageObject","inLanguage":"sv-SE","@id":"https:\/\/proparea.pl\/sv\/anlaggningar-salar\/#primaryimage","url":"https:\/\/proparea.pl\/wp-content\/uploads\/2022\/04\/szkielet-hali-proparea.webp","contentUrl":"https:\/\/proparea.pl\/wp-content\/uploads\/2022\/04\/szkielet-hali-proparea.webp","width":500,"height":322,"caption":"Skelett av en proparea hall"},{"@type":"BreadcrumbList","@id":"https:\/\/proparea.pl\/sv\/anlaggningar-salar\/#breadcrumb","itemListElement":[{"@type":"ListItem","position":1,"name":"Strona g\u0142\u00f3wna","item":"https:\/\/proparea.pl\/sv\/"},{"@type":"ListItem","position":2,"name":"Anl\u00e4ggningar \/ salar"}]},{"@type":"WebSite","@id":"https:\/\/proparea.pl\/sv\/#website","url":"https:\/\/proparea.pl\/sv\/","name":"Proparea","description":"Od projektu a\u017c po klucz","publisher":{"@id":"https:\/\/proparea.pl\/sv\/#organization"},"potentialAction":[{"@type":"SearchAction","target":{"@type":"EntryPoint","urlTemplate":"https:\/\/proparea.pl\/sv\/?s={search_term_string}"},"query-input":{"@type":"PropertyValueSpecification","valueRequired":true,"valueName":"search_term_string"}}],"inLanguage":"sv-SE"},{"@type":"Organization","@id":"https:\/\/proparea.pl\/sv\/#organization","name":"Proparea","url":"https:\/\/proparea.pl\/sv\/","logo":{"@type":"ImageObject","inLanguage":"sv-SE","@id":"https:\/\/proparea.pl\/sv\/#\/schema\/logo\/image\/","url":"https:\/\/proparea.pl\/wp-content\/uploads\/2021\/08\/logo-md-e1630346040128.png","contentUrl":"https:\/\/proparea.pl\/wp-content\/uploads\/2021\/08\/logo-md-e1630346040128.png","width":300,"height":214,"caption":"Proparea"},"image":{"@id":"https:\/\/proparea.pl\/sv\/#\/schema\/logo\/image\/"}},{"@type":"Person","@id":"https:\/\/proparea.pl\/sv\/#\/schema\/person\/8efdbd304323472130143d9cc3468fde","name":"admin","image":{"@type":"ImageObject","inLanguage":"sv-SE","@id":"https:\/\/proparea.pl\/sv\/#\/schema\/person\/image\/","url":"https:\/\/secure.gravatar.com\/avatar\/eb134f17e099efcce1807b97c49a9e0e9c0a91ed2228fdfe5f7ab23d77c16822?s=96&d=mm&r=g","contentUrl":"https:\/\/secure.gravatar.com\/avatar\/eb134f17e099efcce1807b97c49a9e0e9c0a91ed2228fdfe5f7ab23d77c16822?s=96&d=mm&r=g","caption":"admin"},"sameAs":["https:\/\/domypasywne.perfectumagency.pl"],"url":"https:\/\/proparea.pl\/sv\/author\/admin\/"}]}},"_links":{"self":[{"href":"https:\/\/proparea.pl\/sv\/wp-json\/wp\/v2\/posts\/2154","targetHints":{"allow":["GET"]}}],"collection":[{"href":"https:\/\/proparea.pl\/sv\/wp-json\/wp\/v2\/posts"}],"about":[{"href":"https:\/\/proparea.pl\/sv\/wp-json\/wp\/v2\/types\/post"}],"author":[{"embeddable":true,"href":"https:\/\/proparea.pl\/sv\/wp-json\/wp\/v2\/users\/1"}],"replies":[{"embeddable":true,"href":"https:\/\/proparea.pl\/sv\/wp-json\/wp\/v2\/comments?post=2154"}],"version-history":[{"count":1,"href":"https:\/\/proparea.pl\/sv\/wp-json\/wp\/v2\/posts\/2154\/revisions"}],"predecessor-version":[{"id":2155,"href":"https:\/\/proparea.pl\/sv\/wp-json\/wp\/v2\/posts\/2154\/revisions\/2155"}],"wp:featuredmedia":[{"embeddable":true,"href":"https:\/\/proparea.pl\/sv\/wp-json\/wp\/v2\/media\/880"}],"wp:attachment":[{"href":"https:\/\/proparea.pl\/sv\/wp-json\/wp\/v2\/media?parent=2154"}],"wp:term":[{"taxonomy":"category","embeddable":true,"href":"https:\/\/proparea.pl\/sv\/wp-json\/wp\/v2\/categories?post=2154"},{"taxonomy":"post_tag","embeddable":true,"href":"https:\/\/proparea.pl\/sv\/wp-json\/wp\/v2\/tags?post=2154"}],"curies":[{"name":"wp","href":"https:\/\/api.w.org\/{rel}","templated":true}]}}