{"id":2158,"date":"2022-06-30T15:37:22","date_gmt":"2022-06-30T15:37:22","guid":{"rendered":"https:\/\/proparea.pl\/termisk-modernisering-och-isolering-av-murade-byggnader\/"},"modified":"2022-06-30T15:37:23","modified_gmt":"2022-06-30T15:37:23","slug":"termisk-modernisering-och-isolering-av-murade-byggnader","status":"publish","type":"post","link":"https:\/\/proparea.pl\/sv\/termisk-modernisering-och-isolering-av-murade-byggnader\/","title":{"rendered":"Termisk modernisering och isolering av murade byggnader"},"content":{"rendered":"\n<p>Diffusions\u00f6ppenhet, utm\u00e4rkta termiska och akustiska egenskaper. Steico isoleringsskivor och mattteknik f\u00f6r termisk renovering av befintliga murade byggnader och f\u00f6r nybyggnation av murverk.<\/p>\n\n<p>F\u00f6r termisk uppgradering eller v\u00e4rmeisolering anv\u00e4nder vi tv\u00e5 metoder f\u00f6r att isolera en byggnad, beroende p\u00e5 v\u00e4ggarnas skick:<\/p>\n\n<div style=\"height:15px\" aria-hidden=\"true\" class=\"wp-block-spacer\"><\/div>\n\n<p>1. Raka husv\u00e4ggar &#8211; beroende p\u00e5 vilken termisk prestanda vi vill uppn\u00e5 anv\u00e4nder vi Steico-paneler med en viss tjocklek som monteras direkt p\u00e5 byggnaden, precis som vanlig isolering.<\/p>\n\n<div style=\"height:15px\" aria-hidden=\"true\" class=\"wp-block-spacer\"><\/div>\n\n<p>2. Kr\u00f6kta byggnadsv\u00e4ggar &#8211; I det h\u00e4r fallet m\u00e5ste konsolerna monteras mot v\u00e4ggen. N\u00e4sta steg \u00e4r att tillverka C24-tr\u00e4ramen, som \u00e4r perfekt anpassad, b\u00e5de vertikalt och horisontellt. Detta ger ett perfekt plan och d\u00e4rmed en rak byggnadsv\u00e4gg.<\/p>\n\n<div style=\"height:15px\" aria-hidden=\"true\" class=\"wp-block-spacer\"><\/div>\n\n<p>N\u00e4sta steg \u00e4r att fylla ramen med isoleringsmattor och sedan med isoleringsskiva med tunga och sp\u00e5r &#8211; n\u00e4r denna skiva anv\u00e4nds elimineras k\u00f6ldbryggor. N\u00e4r detta \u00e4r gjort f\u00e5r vi en vatten- och vindt\u00e4t fasad som \u00e4r redo att putsas eller kl\u00e4s med fasadskivor.<\/p>\n\n<div style=\"height:15px\" aria-hidden=\"true\" class=\"wp-block-spacer\"><\/div>\n\n<p>B\u00e5da metoderna har samma funktion &#8211; de ger b\u00e4sta v\u00e4rmeprestanda, skyddar murverket fr\u00e5n fukt, ger ett perfekt mikroklimat och torkar v\u00e4ggarna spontant tack vare den \u00f6ppna diffusionen.<\/p>\n\n<div style=\"height:45px\" aria-hidden=\"true\" class=\"wp-block-spacer\"><\/div>\n\n<h3 class=\"has-text-color wp-block-heading\" style=\"color:#c5a700\">Pris &#8211; fr\u00e5n 300.00 PLN\/m2<\/h3>\n\n<div style=\"height:45px\" aria-hidden=\"true\" class=\"wp-block-spacer\"><\/div>\n\n<div class=\"wp-block-columns is-layout-flex wp-container-core-columns-is-layout-9d6595d7 wp-block-columns-is-layout-flex\">\n<div class=\"wp-block-column is-layout-flow wp-block-column-is-layout-flow\">\n<figure class=\"wp-block-gallery has-nested-images columns-default is-cropped wp-block-gallery-1 is-layout-flex wp-block-gallery-is-layout-flex\">\n<figure class=\"wp-block-image size-full\"><a href=\"https:\/\/proparea.pl\/wp-content\/uploads\/2022\/04\/proparea-oferta-murowane-termomodernizacja-docieplenie.jpg\"><img loading=\"lazy\" decoding=\"async\" width=\"1024\" height=\"768\" data-id=\"1920\" src=\"https:\/\/proparea.pl\/wp-content\/uploads\/2022\/04\/proparea-oferta-murowane-termomodernizacja-docieplenie.jpg\" alt=\"\" class=\"wp-image-1920\" srcset=\"https:\/\/proparea.pl\/wp-content\/uploads\/2022\/04\/proparea-oferta-murowane-termomodernizacja-docieplenie.jpg 1024w, https:\/\/proparea.pl\/wp-content\/uploads\/2022\/04\/proparea-oferta-murowane-termomodernizacja-docieplenie-300x225.jpg 300w, https:\/\/proparea.pl\/wp-content\/uploads\/2022\/04\/proparea-oferta-murowane-termomodernizacja-docieplenie-768x576.jpg 768w\" sizes=\"auto, (max-width: 1024px) 100vw, 1024px\" \/><\/a><\/figure>\n<\/figure>\n<\/div>\n\n\n\n<div class=\"wp-block-column is-layout-flow wp-block-column-is-layout-flow\"><\/div>\n<\/div>\n","protected":false},"excerpt":{"rendered":"<p>Diffusions\u00f6ppenhet, utm\u00e4rkta termiska och akustiska egenskaper. Steico isoleringsplattor och mattteknik f\u00f6r termisk renovering av befintliga murade byggnader och f\u00f6r nybyggnation av murade byggnader.<\/p>\n","protected":false},"author":1,"featured_media":1916,"comment_status":"open","ping_status":"open","sticky":false,"template":"","format":"standard","meta":{"footnotes":""},"categories":[50],"tags":[],"class_list":["post-2158","post","type-post","status-publish","format-standard","has-post-thumbnail","hentry","category-erbjudande"],"yoast_head":"<!-- This site is optimized with the Yoast SEO plugin v27.1.1 - https:\/\/yoast.com\/product\/yoast-seo-wordpress\/ -->\n<title>Termisk modernisering och isolering av murade byggnader - Proparea<\/title>\n<meta name=\"description\" content=\"Vi erbjuder ocks\u00e5 termisk uppgradering och isolering av befintliga och nya murade byggnader.\" \/>\n<meta name=\"robots\" content=\"index, follow, max-snippet:-1, max-image-preview:large, max-video-preview:-1\" \/>\n<link rel=\"canonical\" href=\"https:\/\/proparea.pl\/sv\/termisk-modernisering-och-isolering-av-murade-byggnader\/\" \/>\n<meta property=\"og:locale\" content=\"sv_SE\" \/>\n<meta property=\"og:type\" content=\"article\" \/>\n<meta property=\"og:title\" content=\"Termisk modernisering och isolering av murade byggnader - Proparea\" \/>\n<meta property=\"og:description\" content=\"Vi erbjuder ocks\u00e5 termisk uppgradering och isolering av befintliga och nya murade byggnader.\" \/>\n<meta property=\"og:url\" content=\"https:\/\/proparea.pl\/sv\/termisk-modernisering-och-isolering-av-murade-byggnader\/\" \/>\n<meta property=\"og:site_name\" content=\"Proparea\" \/>\n<meta property=\"article:published_time\" content=\"2022-06-30T15:37:22+00:00\" \/>\n<meta property=\"article:modified_time\" content=\"2022-06-30T15:37:23+00:00\" \/>\n<meta property=\"og:image\" content=\"https:\/\/proparea.pl\/wp-content\/uploads\/2022\/03\/proparea-oferta-murowane.webp\" \/>\n\t<meta property=\"og:image:width\" content=\"1024\" \/>\n\t<meta property=\"og:image:height\" content=\"768\" \/>\n\t<meta property=\"og:image:type\" content=\"image\/webp\" \/>\n<meta name=\"author\" content=\"admin\" \/>\n<meta name=\"twitter:card\" content=\"summary_large_image\" \/>\n<meta name=\"twitter:label1\" content=\"Skriven av\" \/>\n\t<meta name=\"twitter:data1\" content=\"admin\" \/>\n\t<meta name=\"twitter:label2\" content=\"Ber\u00e4knad l\u00e4stid\" \/>\n\t<meta name=\"twitter:data2\" content=\"1 minut\" \/>\n<script type=\"application\/ld+json\" class=\"yoast-schema-graph\">{\"@context\":\"https:\/\/schema.org\",\"@graph\":[{\"@type\":\"Article\",\"@id\":\"https:\/\/proparea.pl\/sv\/termisk-modernisering-och-isolering-av-murade-byggnader\/#article\",\"isPartOf\":{\"@id\":\"https:\/\/proparea.pl\/sv\/termisk-modernisering-och-isolering-av-murade-byggnader\/\"},\"author\":{\"name\":\"admin\",\"@id\":\"https:\/\/proparea.pl\/sv\/#\/schema\/person\/8efdbd304323472130143d9cc3468fde\"},\"headline\":\"Termisk modernisering och isolering av murade byggnader\",\"datePublished\":\"2022-06-30T15:37:22+00:00\",\"dateModified\":\"2022-06-30T15:37:23+00:00\",\"mainEntityOfPage\":{\"@id\":\"https:\/\/proparea.pl\/sv\/termisk-modernisering-och-isolering-av-murade-byggnader\/\"},\"wordCount\":222,\"commentCount\":0,\"publisher\":{\"@id\":\"https:\/\/proparea.pl\/sv\/#organization\"},\"image\":{\"@id\":\"https:\/\/proparea.pl\/sv\/termisk-modernisering-och-isolering-av-murade-byggnader\/#primaryimage\"},\"thumbnailUrl\":\"https:\/\/proparea.pl\/wp-content\/uploads\/2022\/03\/proparea-oferta-murowane.webp\",\"articleSection\":[\"Erbjudande\"],\"inLanguage\":\"sv-SE\",\"potentialAction\":[{\"@type\":\"CommentAction\",\"name\":\"Comment\",\"target\":[\"https:\/\/proparea.pl\/sv\/termisk-modernisering-och-isolering-av-murade-byggnader\/#respond\"]}]},{\"@type\":\"WebPage\",\"@id\":\"https:\/\/proparea.pl\/sv\/termisk-modernisering-och-isolering-av-murade-byggnader\/\",\"url\":\"https:\/\/proparea.pl\/sv\/termisk-modernisering-och-isolering-av-murade-byggnader\/\",\"name\":\"Termisk modernisering och isolering av murade byggnader - Proparea\",\"isPartOf\":{\"@id\":\"https:\/\/proparea.pl\/sv\/#website\"},\"primaryImageOfPage\":{\"@id\":\"https:\/\/proparea.pl\/sv\/termisk-modernisering-och-isolering-av-murade-byggnader\/#primaryimage\"},\"image\":{\"@id\":\"https:\/\/proparea.pl\/sv\/termisk-modernisering-och-isolering-av-murade-byggnader\/#primaryimage\"},\"thumbnailUrl\":\"https:\/\/proparea.pl\/wp-content\/uploads\/2022\/03\/proparea-oferta-murowane.webp\",\"datePublished\":\"2022-06-30T15:37:22+00:00\",\"dateModified\":\"2022-06-30T15:37:23+00:00\",\"description\":\"Vi erbjuder ocks\u00e5 termisk uppgradering och isolering av befintliga och nya murade byggnader.\",\"breadcrumb\":{\"@id\":\"https:\/\/proparea.pl\/sv\/termisk-modernisering-och-isolering-av-murade-byggnader\/#breadcrumb\"},\"inLanguage\":\"sv-SE\",\"potentialAction\":[{\"@type\":\"ReadAction\",\"target\":[\"https:\/\/proparea.pl\/sv\/termisk-modernisering-och-isolering-av-murade-byggnader\/\"]}]},{\"@type\":\"ImageObject\",\"inLanguage\":\"sv-SE\",\"@id\":\"https:\/\/proparea.pl\/sv\/termisk-modernisering-och-isolering-av-murade-byggnader\/#primaryimage\",\"url\":\"https:\/\/proparea.pl\/wp-content\/uploads\/2022\/03\/proparea-oferta-murowane.webp\",\"contentUrl\":\"https:\/\/proparea.pl\/wp-content\/uploads\/2022\/03\/proparea-oferta-murowane.webp\",\"width\":1024,\"height\":768,\"caption\":\"Proparea erbjuder termisk modernisering av murverk\"},{\"@type\":\"BreadcrumbList\",\"@id\":\"https:\/\/proparea.pl\/sv\/termisk-modernisering-och-isolering-av-murade-byggnader\/#breadcrumb\",\"itemListElement\":[{\"@type\":\"ListItem\",\"position\":1,\"name\":\"Strona g\u0142\u00f3wna\",\"item\":\"https:\/\/proparea.pl\/sv\/\"},{\"@type\":\"ListItem\",\"position\":2,\"name\":\"Termisk modernisering och isolering av murade byggnader\"}]},{\"@type\":\"WebSite\",\"@id\":\"https:\/\/proparea.pl\/sv\/#website\",\"url\":\"https:\/\/proparea.pl\/sv\/\",\"name\":\"Proparea\",\"description\":\"Od projektu a\u017c po klucz\",\"publisher\":{\"@id\":\"https:\/\/proparea.pl\/sv\/#organization\"},\"potentialAction\":[{\"@type\":\"SearchAction\",\"target\":{\"@type\":\"EntryPoint\",\"urlTemplate\":\"https:\/\/proparea.pl\/sv\/?s={search_term_string}\"},\"query-input\":{\"@type\":\"PropertyValueSpecification\",\"valueRequired\":true,\"valueName\":\"search_term_string\"}}],\"inLanguage\":\"sv-SE\"},{\"@type\":\"Organization\",\"@id\":\"https:\/\/proparea.pl\/sv\/#organization\",\"name\":\"Proparea\",\"url\":\"https:\/\/proparea.pl\/sv\/\",\"logo\":{\"@type\":\"ImageObject\",\"inLanguage\":\"sv-SE\",\"@id\":\"https:\/\/proparea.pl\/sv\/#\/schema\/logo\/image\/\",\"url\":\"https:\/\/proparea.pl\/wp-content\/uploads\/2021\/08\/logo-md-e1630346040128.png\",\"contentUrl\":\"https:\/\/proparea.pl\/wp-content\/uploads\/2021\/08\/logo-md-e1630346040128.png\",\"width\":300,\"height\":214,\"caption\":\"Proparea\"},\"image\":{\"@id\":\"https:\/\/proparea.pl\/sv\/#\/schema\/logo\/image\/\"}},{\"@type\":\"Person\",\"@id\":\"https:\/\/proparea.pl\/sv\/#\/schema\/person\/8efdbd304323472130143d9cc3468fde\",\"name\":\"admin\",\"image\":{\"@type\":\"ImageObject\",\"inLanguage\":\"sv-SE\",\"@id\":\"https:\/\/proparea.pl\/sv\/#\/schema\/person\/image\/\",\"url\":\"https:\/\/secure.gravatar.com\/avatar\/eb134f17e099efcce1807b97c49a9e0e9c0a91ed2228fdfe5f7ab23d77c16822?s=96&d=mm&r=g\",\"contentUrl\":\"https:\/\/secure.gravatar.com\/avatar\/eb134f17e099efcce1807b97c49a9e0e9c0a91ed2228fdfe5f7ab23d77c16822?s=96&d=mm&r=g\",\"caption\":\"admin\"},\"sameAs\":[\"https:\/\/domypasywne.perfectumagency.pl\"],\"url\":\"https:\/\/proparea.pl\/sv\/author\/admin\/\"}]}<\/script>\n<!-- \/ Yoast SEO plugin. -->","yoast_head_json":{"title":"Termisk modernisering och isolering av murade byggnader - Proparea","description":"Vi erbjuder ocks\u00e5 termisk uppgradering och isolering av befintliga och nya murade byggnader.","robots":{"index":"index","follow":"follow","max-snippet":"max-snippet:-1","max-image-preview":"max-image-preview:large","max-video-preview":"max-video-preview:-1"},"canonical":"https:\/\/proparea.pl\/sv\/termisk-modernisering-och-isolering-av-murade-byggnader\/","og_locale":"sv_SE","og_type":"article","og_title":"Termisk modernisering och isolering av murade byggnader - Proparea","og_description":"Vi erbjuder ocks\u00e5 termisk uppgradering och isolering av befintliga och nya murade byggnader.","og_url":"https:\/\/proparea.pl\/sv\/termisk-modernisering-och-isolering-av-murade-byggnader\/","og_site_name":"Proparea","article_published_time":"2022-06-30T15:37:22+00:00","article_modified_time":"2022-06-30T15:37:23+00:00","og_image":[{"width":1024,"height":768,"url":"https:\/\/proparea.pl\/wp-content\/uploads\/2022\/03\/proparea-oferta-murowane.webp","type":"image\/webp"}],"author":"admin","twitter_card":"summary_large_image","twitter_misc":{"Skriven av":"admin","Ber\u00e4knad l\u00e4stid":"1 minut"},"schema":{"@context":"https:\/\/schema.org","@graph":[{"@type":"Article","@id":"https:\/\/proparea.pl\/sv\/termisk-modernisering-och-isolering-av-murade-byggnader\/#article","isPartOf":{"@id":"https:\/\/proparea.pl\/sv\/termisk-modernisering-och-isolering-av-murade-byggnader\/"},"author":{"name":"admin","@id":"https:\/\/proparea.pl\/sv\/#\/schema\/person\/8efdbd304323472130143d9cc3468fde"},"headline":"Termisk modernisering och isolering av murade byggnader","datePublished":"2022-06-30T15:37:22+00:00","dateModified":"2022-06-30T15:37:23+00:00","mainEntityOfPage":{"@id":"https:\/\/proparea.pl\/sv\/termisk-modernisering-och-isolering-av-murade-byggnader\/"},"wordCount":222,"commentCount":0,"publisher":{"@id":"https:\/\/proparea.pl\/sv\/#organization"},"image":{"@id":"https:\/\/proparea.pl\/sv\/termisk-modernisering-och-isolering-av-murade-byggnader\/#primaryimage"},"thumbnailUrl":"https:\/\/proparea.pl\/wp-content\/uploads\/2022\/03\/proparea-oferta-murowane.webp","articleSection":["Erbjudande"],"inLanguage":"sv-SE","potentialAction":[{"@type":"CommentAction","name":"Comment","target":["https:\/\/proparea.pl\/sv\/termisk-modernisering-och-isolering-av-murade-byggnader\/#respond"]}]},{"@type":"WebPage","@id":"https:\/\/proparea.pl\/sv\/termisk-modernisering-och-isolering-av-murade-byggnader\/","url":"https:\/\/proparea.pl\/sv\/termisk-modernisering-och-isolering-av-murade-byggnader\/","name":"Termisk modernisering och isolering av murade byggnader - Proparea","isPartOf":{"@id":"https:\/\/proparea.pl\/sv\/#website"},"primaryImageOfPage":{"@id":"https:\/\/proparea.pl\/sv\/termisk-modernisering-och-isolering-av-murade-byggnader\/#primaryimage"},"image":{"@id":"https:\/\/proparea.pl\/sv\/termisk-modernisering-och-isolering-av-murade-byggnader\/#primaryimage"},"thumbnailUrl":"https:\/\/proparea.pl\/wp-content\/uploads\/2022\/03\/proparea-oferta-murowane.webp","datePublished":"2022-06-30T15:37:22+00:00","dateModified":"2022-06-30T15:37:23+00:00","description":"Vi erbjuder ocks\u00e5 termisk uppgradering och isolering av befintliga och nya murade byggnader.","breadcrumb":{"@id":"https:\/\/proparea.pl\/sv\/termisk-modernisering-och-isolering-av-murade-byggnader\/#breadcrumb"},"inLanguage":"sv-SE","potentialAction":[{"@type":"ReadAction","target":["https:\/\/proparea.pl\/sv\/termisk-modernisering-och-isolering-av-murade-byggnader\/"]}]},{"@type":"ImageObject","inLanguage":"sv-SE","@id":"https:\/\/proparea.pl\/sv\/termisk-modernisering-och-isolering-av-murade-byggnader\/#primaryimage","url":"https:\/\/proparea.pl\/wp-content\/uploads\/2022\/03\/proparea-oferta-murowane.webp","contentUrl":"https:\/\/proparea.pl\/wp-content\/uploads\/2022\/03\/proparea-oferta-murowane.webp","width":1024,"height":768,"caption":"Proparea erbjuder termisk modernisering av murverk"},{"@type":"BreadcrumbList","@id":"https:\/\/proparea.pl\/sv\/termisk-modernisering-och-isolering-av-murade-byggnader\/#breadcrumb","itemListElement":[{"@type":"ListItem","position":1,"name":"Strona g\u0142\u00f3wna","item":"https:\/\/proparea.pl\/sv\/"},{"@type":"ListItem","position":2,"name":"Termisk modernisering och isolering av murade byggnader"}]},{"@type":"WebSite","@id":"https:\/\/proparea.pl\/sv\/#website","url":"https:\/\/proparea.pl\/sv\/","name":"Proparea","description":"Od projektu a\u017c po klucz","publisher":{"@id":"https:\/\/proparea.pl\/sv\/#organization"},"potentialAction":[{"@type":"SearchAction","target":{"@type":"EntryPoint","urlTemplate":"https:\/\/proparea.pl\/sv\/?s={search_term_string}"},"query-input":{"@type":"PropertyValueSpecification","valueRequired":true,"valueName":"search_term_string"}}],"inLanguage":"sv-SE"},{"@type":"Organization","@id":"https:\/\/proparea.pl\/sv\/#organization","name":"Proparea","url":"https:\/\/proparea.pl\/sv\/","logo":{"@type":"ImageObject","inLanguage":"sv-SE","@id":"https:\/\/proparea.pl\/sv\/#\/schema\/logo\/image\/","url":"https:\/\/proparea.pl\/wp-content\/uploads\/2021\/08\/logo-md-e1630346040128.png","contentUrl":"https:\/\/proparea.pl\/wp-content\/uploads\/2021\/08\/logo-md-e1630346040128.png","width":300,"height":214,"caption":"Proparea"},"image":{"@id":"https:\/\/proparea.pl\/sv\/#\/schema\/logo\/image\/"}},{"@type":"Person","@id":"https:\/\/proparea.pl\/sv\/#\/schema\/person\/8efdbd304323472130143d9cc3468fde","name":"admin","image":{"@type":"ImageObject","inLanguage":"sv-SE","@id":"https:\/\/proparea.pl\/sv\/#\/schema\/person\/image\/","url":"https:\/\/secure.gravatar.com\/avatar\/eb134f17e099efcce1807b97c49a9e0e9c0a91ed2228fdfe5f7ab23d77c16822?s=96&d=mm&r=g","contentUrl":"https:\/\/secure.gravatar.com\/avatar\/eb134f17e099efcce1807b97c49a9e0e9c0a91ed2228fdfe5f7ab23d77c16822?s=96&d=mm&r=g","caption":"admin"},"sameAs":["https:\/\/domypasywne.perfectumagency.pl"],"url":"https:\/\/proparea.pl\/sv\/author\/admin\/"}]}},"_links":{"self":[{"href":"https:\/\/proparea.pl\/sv\/wp-json\/wp\/v2\/posts\/2158","targetHints":{"allow":["GET"]}}],"collection":[{"href":"https:\/\/proparea.pl\/sv\/wp-json\/wp\/v2\/posts"}],"about":[{"href":"https:\/\/proparea.pl\/sv\/wp-json\/wp\/v2\/types\/post"}],"author":[{"embeddable":true,"href":"https:\/\/proparea.pl\/sv\/wp-json\/wp\/v2\/users\/1"}],"replies":[{"embeddable":true,"href":"https:\/\/proparea.pl\/sv\/wp-json\/wp\/v2\/comments?post=2158"}],"version-history":[{"count":1,"href":"https:\/\/proparea.pl\/sv\/wp-json\/wp\/v2\/posts\/2158\/revisions"}],"predecessor-version":[{"id":2159,"href":"https:\/\/proparea.pl\/sv\/wp-json\/wp\/v2\/posts\/2158\/revisions\/2159"}],"wp:featuredmedia":[{"embeddable":true,"href":"https:\/\/proparea.pl\/sv\/wp-json\/wp\/v2\/media\/1916"}],"wp:attachment":[{"href":"https:\/\/proparea.pl\/sv\/wp-json\/wp\/v2\/media?parent=2158"}],"wp:term":[{"taxonomy":"category","embeddable":true,"href":"https:\/\/proparea.pl\/sv\/wp-json\/wp\/v2\/categories?post=2158"},{"taxonomy":"post_tag","embeddable":true,"href":"https:\/\/proparea.pl\/sv\/wp-json\/wp\/v2\/tags?post=2158"}],"curies":[{"name":"wp","href":"https:\/\/api.w.org\/{rel}","templated":true}]}}