{"id":2173,"date":"2022-06-30T16:03:30","date_gmt":"2022-06-30T16:03:30","guid":{"rendered":"https:\/\/proparea.pl\/traram-sjalvmonterad-konstruktion\/"},"modified":"2022-06-30T16:03:30","modified_gmt":"2022-06-30T16:03:30","slug":"traram-sjalvmonterad-konstruktion","status":"publish","type":"post","link":"https:\/\/proparea.pl\/sv\/traram-sjalvmonterad-konstruktion\/","title":{"rendered":"Tr\u00e4ram &#8211; Sj\u00e4lvmonterad konstruktion"},"content":{"rendered":"\n<p>Husstomme plus takstomme <strong>(\u00a31 200,00)<\/strong>, best\u00e5ende av:<\/p>\n\n<p>konstruktion av ramhuset (konstruktion av ytterv\u00e4ggar, konstruktion av innerv\u00e4ggar, tak, takkonstruktion, tak, golv).  <\/p>\n\n<p>Alla planeringsdokument som du beh\u00f6ver l\u00e4mna in f\u00f6r ett bygglov eller en ans\u00f6kan.<\/p>\n\n<p>F\u00e4stdelar som spikar, skruvar, pluggar och snickerif\u00e4sten.<\/p>\n","protected":false},"excerpt":{"rendered":"<p>Husstomme plus takstomme (\u00a31 200,00), best\u00e5ende av: konstruktion av ramhuset (konstruktion av ytterv\u00e4ggar, konstruktion av innerv\u00e4ggar, tak, takkonstruktion, tak, golv). Alla planeringsdokument som du beh\u00f6ver l\u00e4mna in f\u00f6r ett bygglov eller en ans\u00f6kan. F\u00e4stdelar som spikar, skruvar, pluggar och snickerif\u00e4sten.<\/p>\n","protected":false},"author":1,"featured_media":1025,"comment_status":"open","ping_status":"open","sticky":false,"template":"","format":"standard","meta":{"footnotes":""},"categories":[50],"tags":[],"class_list":["post-2173","post","type-post","status-publish","format-standard","has-post-thumbnail","hentry","category-erbjudande"],"yoast_head":"<!-- This site is optimized with the Yoast SEO plugin v27.1.1 - https:\/\/yoast.com\/product\/yoast-seo-wordpress\/ -->\n<title>Tr\u00e4ram - Sj\u00e4lvmonterad konstruktion - Proparea<\/title>\n<meta name=\"robots\" content=\"index, follow, max-snippet:-1, max-image-preview:large, max-video-preview:-1\" \/>\n<link rel=\"canonical\" href=\"https:\/\/proparea.pl\/sv\/traram-sjalvmonterad-konstruktion\/\" \/>\n<meta property=\"og:locale\" content=\"sv_SE\" \/>\n<meta property=\"og:type\" content=\"article\" \/>\n<meta property=\"og:title\" content=\"Tr\u00e4ram - Sj\u00e4lvmonterad konstruktion - Proparea\" \/>\n<meta property=\"og:description\" content=\"Husstomme plus takstomme (\u00a31 200,00), best\u00e5ende av: konstruktion av ramhuset (konstruktion av ytterv\u00e4ggar, konstruktion av innerv\u00e4ggar, tak, takkonstruktion, tak, golv). Alla planeringsdokument som du beh\u00f6ver l\u00e4mna in f\u00f6r ett bygglov eller en ans\u00f6kan. F\u00e4stdelar som spikar, skruvar, pluggar och snickerif\u00e4sten.\" \/>\n<meta property=\"og:url\" content=\"https:\/\/proparea.pl\/sv\/traram-sjalvmonterad-konstruktion\/\" \/>\n<meta property=\"og:site_name\" content=\"Proparea\" \/>\n<meta property=\"article:published_time\" content=\"2022-06-30T16:03:30+00:00\" \/>\n<meta property=\"og:image\" content=\"https:\/\/proparea.pl\/wp-content\/uploads\/2022\/03\/proparea-szkielet-drewniany-konstrukcja-do-samodzielnego-montazu.webp\" \/>\n\t<meta property=\"og:image:width\" content=\"1500\" \/>\n\t<meta property=\"og:image:height\" content=\"918\" \/>\n\t<meta property=\"og:image:type\" content=\"image\/webp\" \/>\n<meta name=\"author\" content=\"admin\" \/>\n<meta name=\"twitter:card\" content=\"summary_large_image\" \/>\n<meta name=\"twitter:label1\" content=\"Skriven av\" \/>\n\t<meta name=\"twitter:data1\" content=\"admin\" \/>\n<script type=\"application\/ld+json\" class=\"yoast-schema-graph\">{\"@context\":\"https:\/\/schema.org\",\"@graph\":[{\"@type\":\"Article\",\"@id\":\"https:\/\/proparea.pl\/sv\/traram-sjalvmonterad-konstruktion\/#article\",\"isPartOf\":{\"@id\":\"https:\/\/proparea.pl\/sv\/traram-sjalvmonterad-konstruktion\/\"},\"author\":{\"name\":\"admin\",\"@id\":\"https:\/\/proparea.pl\/sv\/#\/schema\/person\/8efdbd304323472130143d9cc3468fde\"},\"headline\":\"Tr\u00e4ram &#8211; Sj\u00e4lvmonterad konstruktion\",\"datePublished\":\"2022-06-30T16:03:30+00:00\",\"mainEntityOfPage\":{\"@id\":\"https:\/\/proparea.pl\/sv\/traram-sjalvmonterad-konstruktion\/\"},\"wordCount\":53,\"commentCount\":0,\"publisher\":{\"@id\":\"https:\/\/proparea.pl\/sv\/#organization\"},\"image\":{\"@id\":\"https:\/\/proparea.pl\/sv\/traram-sjalvmonterad-konstruktion\/#primaryimage\"},\"thumbnailUrl\":\"https:\/\/proparea.pl\/wp-content\/uploads\/2022\/03\/proparea-szkielet-drewniany-konstrukcja-do-samodzielnego-montazu.webp\",\"articleSection\":[\"Erbjudande\"],\"inLanguage\":\"sv-SE\",\"potentialAction\":[{\"@type\":\"CommentAction\",\"name\":\"Comment\",\"target\":[\"https:\/\/proparea.pl\/sv\/traram-sjalvmonterad-konstruktion\/#respond\"]}]},{\"@type\":\"WebPage\",\"@id\":\"https:\/\/proparea.pl\/sv\/traram-sjalvmonterad-konstruktion\/\",\"url\":\"https:\/\/proparea.pl\/sv\/traram-sjalvmonterad-konstruktion\/\",\"name\":\"Tr\u00e4ram - Sj\u00e4lvmonterad konstruktion - Proparea\",\"isPartOf\":{\"@id\":\"https:\/\/proparea.pl\/sv\/#website\"},\"primaryImageOfPage\":{\"@id\":\"https:\/\/proparea.pl\/sv\/traram-sjalvmonterad-konstruktion\/#primaryimage\"},\"image\":{\"@id\":\"https:\/\/proparea.pl\/sv\/traram-sjalvmonterad-konstruktion\/#primaryimage\"},\"thumbnailUrl\":\"https:\/\/proparea.pl\/wp-content\/uploads\/2022\/03\/proparea-szkielet-drewniany-konstrukcja-do-samodzielnego-montazu.webp\",\"datePublished\":\"2022-06-30T16:03:30+00:00\",\"breadcrumb\":{\"@id\":\"https:\/\/proparea.pl\/sv\/traram-sjalvmonterad-konstruktion\/#breadcrumb\"},\"inLanguage\":\"sv-SE\",\"potentialAction\":[{\"@type\":\"ReadAction\",\"target\":[\"https:\/\/proparea.pl\/sv\/traram-sjalvmonterad-konstruktion\/\"]}]},{\"@type\":\"ImageObject\",\"inLanguage\":\"sv-SE\",\"@id\":\"https:\/\/proparea.pl\/sv\/traram-sjalvmonterad-konstruktion\/#primaryimage\",\"url\":\"https:\/\/proparea.pl\/wp-content\/uploads\/2022\/03\/proparea-szkielet-drewniany-konstrukcja-do-samodzielnego-montazu.webp\",\"contentUrl\":\"https:\/\/proparea.pl\/wp-content\/uploads\/2022\/03\/proparea-szkielet-drewniany-konstrukcja-do-samodzielnego-montazu.webp\",\"width\":1500,\"height\":918,\"caption\":\"Tr\u00e4ram under uppbyggnad\"},{\"@type\":\"BreadcrumbList\",\"@id\":\"https:\/\/proparea.pl\/sv\/traram-sjalvmonterad-konstruktion\/#breadcrumb\",\"itemListElement\":[{\"@type\":\"ListItem\",\"position\":1,\"name\":\"Strona g\u0142\u00f3wna\",\"item\":\"https:\/\/proparea.pl\/sv\/\"},{\"@type\":\"ListItem\",\"position\":2,\"name\":\"Tr\u00e4ram &#8211; Sj\u00e4lvmonterad konstruktion\"}]},{\"@type\":\"WebSite\",\"@id\":\"https:\/\/proparea.pl\/sv\/#website\",\"url\":\"https:\/\/proparea.pl\/sv\/\",\"name\":\"Proparea\",\"description\":\"Od projektu a\u017c po klucz\",\"publisher\":{\"@id\":\"https:\/\/proparea.pl\/sv\/#organization\"},\"potentialAction\":[{\"@type\":\"SearchAction\",\"target\":{\"@type\":\"EntryPoint\",\"urlTemplate\":\"https:\/\/proparea.pl\/sv\/?s={search_term_string}\"},\"query-input\":{\"@type\":\"PropertyValueSpecification\",\"valueRequired\":true,\"valueName\":\"search_term_string\"}}],\"inLanguage\":\"sv-SE\"},{\"@type\":\"Organization\",\"@id\":\"https:\/\/proparea.pl\/sv\/#organization\",\"name\":\"Proparea\",\"url\":\"https:\/\/proparea.pl\/sv\/\",\"logo\":{\"@type\":\"ImageObject\",\"inLanguage\":\"sv-SE\",\"@id\":\"https:\/\/proparea.pl\/sv\/#\/schema\/logo\/image\/\",\"url\":\"https:\/\/proparea.pl\/wp-content\/uploads\/2021\/08\/logo-md-e1630346040128.png\",\"contentUrl\":\"https:\/\/proparea.pl\/wp-content\/uploads\/2021\/08\/logo-md-e1630346040128.png\",\"width\":300,\"height\":214,\"caption\":\"Proparea\"},\"image\":{\"@id\":\"https:\/\/proparea.pl\/sv\/#\/schema\/logo\/image\/\"}},{\"@type\":\"Person\",\"@id\":\"https:\/\/proparea.pl\/sv\/#\/schema\/person\/8efdbd304323472130143d9cc3468fde\",\"name\":\"admin\",\"image\":{\"@type\":\"ImageObject\",\"inLanguage\":\"sv-SE\",\"@id\":\"https:\/\/proparea.pl\/sv\/#\/schema\/person\/image\/\",\"url\":\"https:\/\/secure.gravatar.com\/avatar\/eb134f17e099efcce1807b97c49a9e0e9c0a91ed2228fdfe5f7ab23d77c16822?s=96&d=mm&r=g\",\"contentUrl\":\"https:\/\/secure.gravatar.com\/avatar\/eb134f17e099efcce1807b97c49a9e0e9c0a91ed2228fdfe5f7ab23d77c16822?s=96&d=mm&r=g\",\"caption\":\"admin\"},\"sameAs\":[\"https:\/\/domypasywne.perfectumagency.pl\"],\"url\":\"https:\/\/proparea.pl\/sv\/author\/admin\/\"}]}<\/script>\n<!-- \/ Yoast SEO plugin. -->","yoast_head_json":{"title":"Tr\u00e4ram - Sj\u00e4lvmonterad konstruktion - Proparea","robots":{"index":"index","follow":"follow","max-snippet":"max-snippet:-1","max-image-preview":"max-image-preview:large","max-video-preview":"max-video-preview:-1"},"canonical":"https:\/\/proparea.pl\/sv\/traram-sjalvmonterad-konstruktion\/","og_locale":"sv_SE","og_type":"article","og_title":"Tr\u00e4ram - Sj\u00e4lvmonterad konstruktion - Proparea","og_description":"Husstomme plus takstomme (\u00a31 200,00), best\u00e5ende av: konstruktion av ramhuset (konstruktion av ytterv\u00e4ggar, konstruktion av innerv\u00e4ggar, tak, takkonstruktion, tak, golv). Alla planeringsdokument som du beh\u00f6ver l\u00e4mna in f\u00f6r ett bygglov eller en ans\u00f6kan. F\u00e4stdelar som spikar, skruvar, pluggar och snickerif\u00e4sten.","og_url":"https:\/\/proparea.pl\/sv\/traram-sjalvmonterad-konstruktion\/","og_site_name":"Proparea","article_published_time":"2022-06-30T16:03:30+00:00","og_image":[{"width":1500,"height":918,"url":"https:\/\/proparea.pl\/wp-content\/uploads\/2022\/03\/proparea-szkielet-drewniany-konstrukcja-do-samodzielnego-montazu.webp","type":"image\/webp"}],"author":"admin","twitter_card":"summary_large_image","twitter_misc":{"Skriven av":"admin"},"schema":{"@context":"https:\/\/schema.org","@graph":[{"@type":"Article","@id":"https:\/\/proparea.pl\/sv\/traram-sjalvmonterad-konstruktion\/#article","isPartOf":{"@id":"https:\/\/proparea.pl\/sv\/traram-sjalvmonterad-konstruktion\/"},"author":{"name":"admin","@id":"https:\/\/proparea.pl\/sv\/#\/schema\/person\/8efdbd304323472130143d9cc3468fde"},"headline":"Tr\u00e4ram &#8211; Sj\u00e4lvmonterad konstruktion","datePublished":"2022-06-30T16:03:30+00:00","mainEntityOfPage":{"@id":"https:\/\/proparea.pl\/sv\/traram-sjalvmonterad-konstruktion\/"},"wordCount":53,"commentCount":0,"publisher":{"@id":"https:\/\/proparea.pl\/sv\/#organization"},"image":{"@id":"https:\/\/proparea.pl\/sv\/traram-sjalvmonterad-konstruktion\/#primaryimage"},"thumbnailUrl":"https:\/\/proparea.pl\/wp-content\/uploads\/2022\/03\/proparea-szkielet-drewniany-konstrukcja-do-samodzielnego-montazu.webp","articleSection":["Erbjudande"],"inLanguage":"sv-SE","potentialAction":[{"@type":"CommentAction","name":"Comment","target":["https:\/\/proparea.pl\/sv\/traram-sjalvmonterad-konstruktion\/#respond"]}]},{"@type":"WebPage","@id":"https:\/\/proparea.pl\/sv\/traram-sjalvmonterad-konstruktion\/","url":"https:\/\/proparea.pl\/sv\/traram-sjalvmonterad-konstruktion\/","name":"Tr\u00e4ram - Sj\u00e4lvmonterad konstruktion - Proparea","isPartOf":{"@id":"https:\/\/proparea.pl\/sv\/#website"},"primaryImageOfPage":{"@id":"https:\/\/proparea.pl\/sv\/traram-sjalvmonterad-konstruktion\/#primaryimage"},"image":{"@id":"https:\/\/proparea.pl\/sv\/traram-sjalvmonterad-konstruktion\/#primaryimage"},"thumbnailUrl":"https:\/\/proparea.pl\/wp-content\/uploads\/2022\/03\/proparea-szkielet-drewniany-konstrukcja-do-samodzielnego-montazu.webp","datePublished":"2022-06-30T16:03:30+00:00","breadcrumb":{"@id":"https:\/\/proparea.pl\/sv\/traram-sjalvmonterad-konstruktion\/#breadcrumb"},"inLanguage":"sv-SE","potentialAction":[{"@type":"ReadAction","target":["https:\/\/proparea.pl\/sv\/traram-sjalvmonterad-konstruktion\/"]}]},{"@type":"ImageObject","inLanguage":"sv-SE","@id":"https:\/\/proparea.pl\/sv\/traram-sjalvmonterad-konstruktion\/#primaryimage","url":"https:\/\/proparea.pl\/wp-content\/uploads\/2022\/03\/proparea-szkielet-drewniany-konstrukcja-do-samodzielnego-montazu.webp","contentUrl":"https:\/\/proparea.pl\/wp-content\/uploads\/2022\/03\/proparea-szkielet-drewniany-konstrukcja-do-samodzielnego-montazu.webp","width":1500,"height":918,"caption":"Tr\u00e4ram under uppbyggnad"},{"@type":"BreadcrumbList","@id":"https:\/\/proparea.pl\/sv\/traram-sjalvmonterad-konstruktion\/#breadcrumb","itemListElement":[{"@type":"ListItem","position":1,"name":"Strona g\u0142\u00f3wna","item":"https:\/\/proparea.pl\/sv\/"},{"@type":"ListItem","position":2,"name":"Tr\u00e4ram &#8211; Sj\u00e4lvmonterad konstruktion"}]},{"@type":"WebSite","@id":"https:\/\/proparea.pl\/sv\/#website","url":"https:\/\/proparea.pl\/sv\/","name":"Proparea","description":"Od projektu a\u017c po klucz","publisher":{"@id":"https:\/\/proparea.pl\/sv\/#organization"},"potentialAction":[{"@type":"SearchAction","target":{"@type":"EntryPoint","urlTemplate":"https:\/\/proparea.pl\/sv\/?s={search_term_string}"},"query-input":{"@type":"PropertyValueSpecification","valueRequired":true,"valueName":"search_term_string"}}],"inLanguage":"sv-SE"},{"@type":"Organization","@id":"https:\/\/proparea.pl\/sv\/#organization","name":"Proparea","url":"https:\/\/proparea.pl\/sv\/","logo":{"@type":"ImageObject","inLanguage":"sv-SE","@id":"https:\/\/proparea.pl\/sv\/#\/schema\/logo\/image\/","url":"https:\/\/proparea.pl\/wp-content\/uploads\/2021\/08\/logo-md-e1630346040128.png","contentUrl":"https:\/\/proparea.pl\/wp-content\/uploads\/2021\/08\/logo-md-e1630346040128.png","width":300,"height":214,"caption":"Proparea"},"image":{"@id":"https:\/\/proparea.pl\/sv\/#\/schema\/logo\/image\/"}},{"@type":"Person","@id":"https:\/\/proparea.pl\/sv\/#\/schema\/person\/8efdbd304323472130143d9cc3468fde","name":"admin","image":{"@type":"ImageObject","inLanguage":"sv-SE","@id":"https:\/\/proparea.pl\/sv\/#\/schema\/person\/image\/","url":"https:\/\/secure.gravatar.com\/avatar\/eb134f17e099efcce1807b97c49a9e0e9c0a91ed2228fdfe5f7ab23d77c16822?s=96&d=mm&r=g","contentUrl":"https:\/\/secure.gravatar.com\/avatar\/eb134f17e099efcce1807b97c49a9e0e9c0a91ed2228fdfe5f7ab23d77c16822?s=96&d=mm&r=g","caption":"admin"},"sameAs":["https:\/\/domypasywne.perfectumagency.pl"],"url":"https:\/\/proparea.pl\/sv\/author\/admin\/"}]}},"_links":{"self":[{"href":"https:\/\/proparea.pl\/sv\/wp-json\/wp\/v2\/posts\/2173","targetHints":{"allow":["GET"]}}],"collection":[{"href":"https:\/\/proparea.pl\/sv\/wp-json\/wp\/v2\/posts"}],"about":[{"href":"https:\/\/proparea.pl\/sv\/wp-json\/wp\/v2\/types\/post"}],"author":[{"embeddable":true,"href":"https:\/\/proparea.pl\/sv\/wp-json\/wp\/v2\/users\/1"}],"replies":[{"embeddable":true,"href":"https:\/\/proparea.pl\/sv\/wp-json\/wp\/v2\/comments?post=2173"}],"version-history":[{"count":1,"href":"https:\/\/proparea.pl\/sv\/wp-json\/wp\/v2\/posts\/2173\/revisions"}],"predecessor-version":[{"id":2174,"href":"https:\/\/proparea.pl\/sv\/wp-json\/wp\/v2\/posts\/2173\/revisions\/2174"}],"wp:featuredmedia":[{"embeddable":true,"href":"https:\/\/proparea.pl\/sv\/wp-json\/wp\/v2\/media\/1025"}],"wp:attachment":[{"href":"https:\/\/proparea.pl\/sv\/wp-json\/wp\/v2\/media?parent=2173"}],"wp:term":[{"taxonomy":"category","embeddable":true,"href":"https:\/\/proparea.pl\/sv\/wp-json\/wp\/v2\/categories?post=2173"},{"taxonomy":"post_tag","embeddable":true,"href":"https:\/\/proparea.pl\/sv\/wp-json\/wp\/v2\/tags?post=2173"}],"curies":[{"name":"wp","href":"https:\/\/api.w.org\/{rel}","templated":true}]}}