{"id":719,"date":"2022-03-23T17:38:12","date_gmt":"2022-03-23T17:38:12","guid":{"rendered":"https:\/\/domypasywne.perfectumagency.pl\/passivhus-35-m2\/"},"modified":"2022-06-30T16:04:41","modified_gmt":"2022-06-30T16:04:41","slug":"passivhus-35-m2","status":"publish","type":"post","link":"https:\/\/proparea.pl\/sv\/passivhus-35-m2\/","title":{"rendered":"Hus med h\u00f6g energi \/ passivt 35m2."},"content":{"rendered":"\n<p>Det \u00e4r en ekologisk bungalow som byggs p\u00e5 grundval av STEICOs tr\u00e4fiberisoleringssystem med en byggnadsyta p\u00e5 upp till 35 m2, oftast beroende p\u00e5 anv\u00e4ndningsomr\u00e5de, men l\u00e4mplig f\u00f6r modularisering i vilken konfiguration och antal moduler som helst.<\/p>\n\n<p>Taket kan anpassas till lokala utvecklingsplaner (som platt eller tv\u00e5kupigt tak). Alla inredningsv\u00e4ggar kan anpassas efter kundens behov. Rummen har ett eller tv\u00e5 sovrum, ett badrum (wc, dusch, handfat, tv\u00e4ttmaskin), vardagsrum med pentry.<\/p>\n\n<p>I priset ing\u00e5r alla bygghandlingar som beh\u00f6vs f\u00f6r att l\u00e4mna in bygglov, t.ex. <strong>statik, ritningar, sektioner och vyer<\/strong>.<\/p>\n","protected":false},"excerpt":{"rendered":"<p>Det \u00e4r en ekologisk bungalow som byggs p\u00e5 grundval av Steicos tr\u00e4fiberisoleringssystem med en byggnadsyta p\u00e5 upp till 35 m2, oftast beroende p\u00e5 anv\u00e4ndningsomr\u00e5de, men l\u00e4mplig f\u00f6r modularisering i vilken konfiguration och antal moduler som helst.<\/p>\n","protected":false},"author":1,"featured_media":1008,"comment_status":"closed","ping_status":"closed","sticky":false,"template":"","format":"standard","meta":{"footnotes":""},"categories":[50],"tags":[58],"class_list":["post-719","post","type-post","status-publish","format-standard","has-post-thumbnail","hentry","category-erbjudande","tag-hem"],"yoast_head":"<!-- This site is optimized with the Yoast SEO plugin v27.1.1 - https:\/\/yoast.com\/product\/yoast-seo-wordpress\/ -->\n<title>Hus med h\u00f6g energi \/ passivt 35m2. - Proparea<\/title>\n<meta name=\"robots\" content=\"index, follow, max-snippet:-1, max-image-preview:large, max-video-preview:-1\" \/>\n<link rel=\"canonical\" href=\"https:\/\/proparea.pl\/sv\/passivhus-35-m2\/\" \/>\n<meta property=\"og:locale\" content=\"sv_SE\" \/>\n<meta property=\"og:type\" content=\"article\" \/>\n<meta property=\"og:title\" content=\"Hus med h\u00f6g energi \/ passivt 35m2. - Proparea\" \/>\n<meta property=\"og:description\" content=\"Det \u00e4r en ekologisk bungalow som byggs p\u00e5 grundval av Steicos tr\u00e4fiberisoleringssystem med en byggnadsyta p\u00e5 upp till 35 m2, oftast beroende p\u00e5 anv\u00e4ndningsomr\u00e5de, men l\u00e4mplig f\u00f6r modularisering i vilken konfiguration och antal moduler som helst.\" \/>\n<meta property=\"og:url\" content=\"https:\/\/proparea.pl\/sv\/passivhus-35-m2\/\" \/>\n<meta property=\"og:site_name\" content=\"Proparea\" \/>\n<meta property=\"article:published_time\" content=\"2022-03-23T17:38:12+00:00\" \/>\n<meta property=\"article:modified_time\" content=\"2022-06-30T16:04:41+00:00\" \/>\n<meta property=\"og:image\" content=\"https:\/\/proparea.pl\/wp-content\/uploads\/2022\/03\/proparea-dom-pasywny-do-35m2-1500w.webp\" \/>\n\t<meta property=\"og:image:width\" content=\"1500\" \/>\n\t<meta property=\"og:image:height\" content=\"844\" \/>\n\t<meta property=\"og:image:type\" content=\"image\/webp\" \/>\n<meta name=\"author\" content=\"admin\" \/>\n<meta name=\"twitter:card\" content=\"summary_large_image\" \/>\n<meta name=\"twitter:label1\" content=\"Skriven av\" \/>\n\t<meta name=\"twitter:data1\" content=\"admin\" \/>\n<script type=\"application\/ld+json\" class=\"yoast-schema-graph\">{\"@context\":\"https:\/\/schema.org\",\"@graph\":[{\"@type\":\"Article\",\"@id\":\"https:\/\/proparea.pl\/sv\/passivhus-35-m2\/#article\",\"isPartOf\":{\"@id\":\"https:\/\/proparea.pl\/sv\/passivhus-35-m2\/\"},\"author\":{\"name\":\"admin\",\"@id\":\"https:\/\/proparea.pl\/sv\/#\/schema\/person\/8efdbd304323472130143d9cc3468fde\"},\"headline\":\"Hus med h\u00f6g energi \/ passivt 35m2.\",\"datePublished\":\"2022-03-23T17:38:12+00:00\",\"dateModified\":\"2022-06-30T16:04:41+00:00\",\"mainEntityOfPage\":{\"@id\":\"https:\/\/proparea.pl\/sv\/passivhus-35-m2\/\"},\"wordCount\":106,\"publisher\":{\"@id\":\"https:\/\/proparea.pl\/sv\/#organization\"},\"image\":{\"@id\":\"https:\/\/proparea.pl\/sv\/passivhus-35-m2\/#primaryimage\"},\"thumbnailUrl\":\"https:\/\/proparea.pl\/wp-content\/uploads\/2022\/03\/proparea-dom-pasywny-do-35m2-1500w.webp\",\"keywords\":[\"Hem\"],\"articleSection\":[\"Erbjudande\"],\"inLanguage\":\"sv-SE\"},{\"@type\":\"WebPage\",\"@id\":\"https:\/\/proparea.pl\/sv\/passivhus-35-m2\/\",\"url\":\"https:\/\/proparea.pl\/sv\/passivhus-35-m2\/\",\"name\":\"Hus med h\u00f6g energi \/ passivt 35m2. - Proparea\",\"isPartOf\":{\"@id\":\"https:\/\/proparea.pl\/sv\/#website\"},\"primaryImageOfPage\":{\"@id\":\"https:\/\/proparea.pl\/sv\/passivhus-35-m2\/#primaryimage\"},\"image\":{\"@id\":\"https:\/\/proparea.pl\/sv\/passivhus-35-m2\/#primaryimage\"},\"thumbnailUrl\":\"https:\/\/proparea.pl\/wp-content\/uploads\/2022\/03\/proparea-dom-pasywny-do-35m2-1500w.webp\",\"datePublished\":\"2022-03-23T17:38:12+00:00\",\"dateModified\":\"2022-06-30T16:04:41+00:00\",\"breadcrumb\":{\"@id\":\"https:\/\/proparea.pl\/sv\/passivhus-35-m2\/#breadcrumb\"},\"inLanguage\":\"sv-SE\",\"potentialAction\":[{\"@type\":\"ReadAction\",\"target\":[\"https:\/\/proparea.pl\/sv\/passivhus-35-m2\/\"]}]},{\"@type\":\"ImageObject\",\"inLanguage\":\"sv-SE\",\"@id\":\"https:\/\/proparea.pl\/sv\/passivhus-35-m2\/#primaryimage\",\"url\":\"https:\/\/proparea.pl\/wp-content\/uploads\/2022\/03\/proparea-dom-pasywny-do-35m2-1500w.webp\",\"contentUrl\":\"https:\/\/proparea.pl\/wp-content\/uploads\/2022\/03\/proparea-dom-pasywny-do-35m2-1500w.webp\",\"width\":1500,\"height\":844,\"caption\":\"Hus med h\u00f6g energianv\u00e4ndning\/passivhus 35 m2\"},{\"@type\":\"BreadcrumbList\",\"@id\":\"https:\/\/proparea.pl\/sv\/passivhus-35-m2\/#breadcrumb\",\"itemListElement\":[{\"@type\":\"ListItem\",\"position\":1,\"name\":\"Strona g\u0142\u00f3wna\",\"item\":\"https:\/\/proparea.pl\/sv\/\"},{\"@type\":\"ListItem\",\"position\":2,\"name\":\"Hus med h\u00f6g energi \/ passivt 35m2.\"}]},{\"@type\":\"WebSite\",\"@id\":\"https:\/\/proparea.pl\/sv\/#website\",\"url\":\"https:\/\/proparea.pl\/sv\/\",\"name\":\"Proparea\",\"description\":\"Od projektu a\u017c po klucz\",\"publisher\":{\"@id\":\"https:\/\/proparea.pl\/sv\/#organization\"},\"potentialAction\":[{\"@type\":\"SearchAction\",\"target\":{\"@type\":\"EntryPoint\",\"urlTemplate\":\"https:\/\/proparea.pl\/sv\/?s={search_term_string}\"},\"query-input\":{\"@type\":\"PropertyValueSpecification\",\"valueRequired\":true,\"valueName\":\"search_term_string\"}}],\"inLanguage\":\"sv-SE\"},{\"@type\":\"Organization\",\"@id\":\"https:\/\/proparea.pl\/sv\/#organization\",\"name\":\"Proparea\",\"url\":\"https:\/\/proparea.pl\/sv\/\",\"logo\":{\"@type\":\"ImageObject\",\"inLanguage\":\"sv-SE\",\"@id\":\"https:\/\/proparea.pl\/sv\/#\/schema\/logo\/image\/\",\"url\":\"https:\/\/proparea.pl\/wp-content\/uploads\/2021\/08\/logo-md-e1630346040128.png\",\"contentUrl\":\"https:\/\/proparea.pl\/wp-content\/uploads\/2021\/08\/logo-md-e1630346040128.png\",\"width\":300,\"height\":214,\"caption\":\"Proparea\"},\"image\":{\"@id\":\"https:\/\/proparea.pl\/sv\/#\/schema\/logo\/image\/\"}},{\"@type\":\"Person\",\"@id\":\"https:\/\/proparea.pl\/sv\/#\/schema\/person\/8efdbd304323472130143d9cc3468fde\",\"name\":\"admin\",\"image\":{\"@type\":\"ImageObject\",\"inLanguage\":\"sv-SE\",\"@id\":\"https:\/\/proparea.pl\/sv\/#\/schema\/person\/image\/\",\"url\":\"https:\/\/secure.gravatar.com\/avatar\/eb134f17e099efcce1807b97c49a9e0e9c0a91ed2228fdfe5f7ab23d77c16822?s=96&d=mm&r=g\",\"contentUrl\":\"https:\/\/secure.gravatar.com\/avatar\/eb134f17e099efcce1807b97c49a9e0e9c0a91ed2228fdfe5f7ab23d77c16822?s=96&d=mm&r=g\",\"caption\":\"admin\"},\"sameAs\":[\"https:\/\/domypasywne.perfectumagency.pl\"],\"url\":\"https:\/\/proparea.pl\/sv\/author\/admin\/\"}]}<\/script>\n<!-- \/ Yoast SEO plugin. -->","yoast_head_json":{"title":"Hus med h\u00f6g energi \/ passivt 35m2. - Proparea","robots":{"index":"index","follow":"follow","max-snippet":"max-snippet:-1","max-image-preview":"max-image-preview:large","max-video-preview":"max-video-preview:-1"},"canonical":"https:\/\/proparea.pl\/sv\/passivhus-35-m2\/","og_locale":"sv_SE","og_type":"article","og_title":"Hus med h\u00f6g energi \/ passivt 35m2. - Proparea","og_description":"Det \u00e4r en ekologisk bungalow som byggs p\u00e5 grundval av Steicos tr\u00e4fiberisoleringssystem med en byggnadsyta p\u00e5 upp till 35 m2, oftast beroende p\u00e5 anv\u00e4ndningsomr\u00e5de, men l\u00e4mplig f\u00f6r modularisering i vilken konfiguration och antal moduler som helst.","og_url":"https:\/\/proparea.pl\/sv\/passivhus-35-m2\/","og_site_name":"Proparea","article_published_time":"2022-03-23T17:38:12+00:00","article_modified_time":"2022-06-30T16:04:41+00:00","og_image":[{"width":1500,"height":844,"url":"https:\/\/proparea.pl\/wp-content\/uploads\/2022\/03\/proparea-dom-pasywny-do-35m2-1500w.webp","type":"image\/webp"}],"author":"admin","twitter_card":"summary_large_image","twitter_misc":{"Skriven av":"admin"},"schema":{"@context":"https:\/\/schema.org","@graph":[{"@type":"Article","@id":"https:\/\/proparea.pl\/sv\/passivhus-35-m2\/#article","isPartOf":{"@id":"https:\/\/proparea.pl\/sv\/passivhus-35-m2\/"},"author":{"name":"admin","@id":"https:\/\/proparea.pl\/sv\/#\/schema\/person\/8efdbd304323472130143d9cc3468fde"},"headline":"Hus med h\u00f6g energi \/ passivt 35m2.","datePublished":"2022-03-23T17:38:12+00:00","dateModified":"2022-06-30T16:04:41+00:00","mainEntityOfPage":{"@id":"https:\/\/proparea.pl\/sv\/passivhus-35-m2\/"},"wordCount":106,"publisher":{"@id":"https:\/\/proparea.pl\/sv\/#organization"},"image":{"@id":"https:\/\/proparea.pl\/sv\/passivhus-35-m2\/#primaryimage"},"thumbnailUrl":"https:\/\/proparea.pl\/wp-content\/uploads\/2022\/03\/proparea-dom-pasywny-do-35m2-1500w.webp","keywords":["Hem"],"articleSection":["Erbjudande"],"inLanguage":"sv-SE"},{"@type":"WebPage","@id":"https:\/\/proparea.pl\/sv\/passivhus-35-m2\/","url":"https:\/\/proparea.pl\/sv\/passivhus-35-m2\/","name":"Hus med h\u00f6g energi \/ passivt 35m2. - Proparea","isPartOf":{"@id":"https:\/\/proparea.pl\/sv\/#website"},"primaryImageOfPage":{"@id":"https:\/\/proparea.pl\/sv\/passivhus-35-m2\/#primaryimage"},"image":{"@id":"https:\/\/proparea.pl\/sv\/passivhus-35-m2\/#primaryimage"},"thumbnailUrl":"https:\/\/proparea.pl\/wp-content\/uploads\/2022\/03\/proparea-dom-pasywny-do-35m2-1500w.webp","datePublished":"2022-03-23T17:38:12+00:00","dateModified":"2022-06-30T16:04:41+00:00","breadcrumb":{"@id":"https:\/\/proparea.pl\/sv\/passivhus-35-m2\/#breadcrumb"},"inLanguage":"sv-SE","potentialAction":[{"@type":"ReadAction","target":["https:\/\/proparea.pl\/sv\/passivhus-35-m2\/"]}]},{"@type":"ImageObject","inLanguage":"sv-SE","@id":"https:\/\/proparea.pl\/sv\/passivhus-35-m2\/#primaryimage","url":"https:\/\/proparea.pl\/wp-content\/uploads\/2022\/03\/proparea-dom-pasywny-do-35m2-1500w.webp","contentUrl":"https:\/\/proparea.pl\/wp-content\/uploads\/2022\/03\/proparea-dom-pasywny-do-35m2-1500w.webp","width":1500,"height":844,"caption":"Hus med h\u00f6g energianv\u00e4ndning\/passivhus 35 m2"},{"@type":"BreadcrumbList","@id":"https:\/\/proparea.pl\/sv\/passivhus-35-m2\/#breadcrumb","itemListElement":[{"@type":"ListItem","position":1,"name":"Strona g\u0142\u00f3wna","item":"https:\/\/proparea.pl\/sv\/"},{"@type":"ListItem","position":2,"name":"Hus med h\u00f6g energi \/ passivt 35m2."}]},{"@type":"WebSite","@id":"https:\/\/proparea.pl\/sv\/#website","url":"https:\/\/proparea.pl\/sv\/","name":"Proparea","description":"Od projektu a\u017c po klucz","publisher":{"@id":"https:\/\/proparea.pl\/sv\/#organization"},"potentialAction":[{"@type":"SearchAction","target":{"@type":"EntryPoint","urlTemplate":"https:\/\/proparea.pl\/sv\/?s={search_term_string}"},"query-input":{"@type":"PropertyValueSpecification","valueRequired":true,"valueName":"search_term_string"}}],"inLanguage":"sv-SE"},{"@type":"Organization","@id":"https:\/\/proparea.pl\/sv\/#organization","name":"Proparea","url":"https:\/\/proparea.pl\/sv\/","logo":{"@type":"ImageObject","inLanguage":"sv-SE","@id":"https:\/\/proparea.pl\/sv\/#\/schema\/logo\/image\/","url":"https:\/\/proparea.pl\/wp-content\/uploads\/2021\/08\/logo-md-e1630346040128.png","contentUrl":"https:\/\/proparea.pl\/wp-content\/uploads\/2021\/08\/logo-md-e1630346040128.png","width":300,"height":214,"caption":"Proparea"},"image":{"@id":"https:\/\/proparea.pl\/sv\/#\/schema\/logo\/image\/"}},{"@type":"Person","@id":"https:\/\/proparea.pl\/sv\/#\/schema\/person\/8efdbd304323472130143d9cc3468fde","name":"admin","image":{"@type":"ImageObject","inLanguage":"sv-SE","@id":"https:\/\/proparea.pl\/sv\/#\/schema\/person\/image\/","url":"https:\/\/secure.gravatar.com\/avatar\/eb134f17e099efcce1807b97c49a9e0e9c0a91ed2228fdfe5f7ab23d77c16822?s=96&d=mm&r=g","contentUrl":"https:\/\/secure.gravatar.com\/avatar\/eb134f17e099efcce1807b97c49a9e0e9c0a91ed2228fdfe5f7ab23d77c16822?s=96&d=mm&r=g","caption":"admin"},"sameAs":["https:\/\/domypasywne.perfectumagency.pl"],"url":"https:\/\/proparea.pl\/sv\/author\/admin\/"}]}},"_links":{"self":[{"href":"https:\/\/proparea.pl\/sv\/wp-json\/wp\/v2\/posts\/719","targetHints":{"allow":["GET"]}}],"collection":[{"href":"https:\/\/proparea.pl\/sv\/wp-json\/wp\/v2\/posts"}],"about":[{"href":"https:\/\/proparea.pl\/sv\/wp-json\/wp\/v2\/types\/post"}],"author":[{"embeddable":true,"href":"https:\/\/proparea.pl\/sv\/wp-json\/wp\/v2\/users\/1"}],"replies":[{"embeddable":true,"href":"https:\/\/proparea.pl\/sv\/wp-json\/wp\/v2\/comments?post=719"}],"version-history":[{"count":2,"href":"https:\/\/proparea.pl\/sv\/wp-json\/wp\/v2\/posts\/719\/revisions"}],"predecessor-version":[{"id":2180,"href":"https:\/\/proparea.pl\/sv\/wp-json\/wp\/v2\/posts\/719\/revisions\/2180"}],"wp:featuredmedia":[{"embeddable":true,"href":"https:\/\/proparea.pl\/sv\/wp-json\/wp\/v2\/media\/1008"}],"wp:attachment":[{"href":"https:\/\/proparea.pl\/sv\/wp-json\/wp\/v2\/media?parent=719"}],"wp:term":[{"taxonomy":"category","embeddable":true,"href":"https:\/\/proparea.pl\/sv\/wp-json\/wp\/v2\/categories?post=719"},{"taxonomy":"post_tag","embeddable":true,"href":"https:\/\/proparea.pl\/sv\/wp-json\/wp\/v2\/tags?post=719"}],"curies":[{"name":"wp","href":"https:\/\/api.w.org\/{rel}","templated":true}]}}